{"id":1698,"date":"2016-03-09T14:25:07","date_gmt":"2016-03-09T13:25:07","guid":{"rendered":"https:\/\/www.gps-carminat.com\/v3\/?p=1698"},"modified":"2016-03-09T14:29:29","modified_gmt":"2016-03-09T13:29:29","slug":"le-vehicule-connecte-selon-renault","status":"publish","type":"post","link":"https:\/\/www.gps-carminat.com\/v3\/2016\/03\/09\/le-vehicule-connecte-selon-renault\/","title":{"rendered":"Le v\u00e9hicule connect\u00e9 selon Renault"},"content":{"rendered":"<p>Renault a publi\u00e9 une vid\u00e9o pr\u00e9sentant une vision du v\u00e9hicule connect\u00e9.<\/p>\n<p><!--more--><\/p>\n<p>A travers cette vid\u00e9o on peut voir quelques concepts int\u00e9ressants qu\u2019on serait ravi de retrouver sur R-Link 2. Car tous les \u00e9l\u00e9ments hardware sont bien pr\u00e9sents dans le syst\u00e8me R-Link 2, il ne manque plus que la partie software.<\/p>\n<p>Avant toute chose, les \u00e9crans pr\u00e9sent\u00e9s sur cette vid\u00e9o pour le R-Link 2 ne sont probablement que le fruit de l\u2019imagination du d\u00e9partement communication de Renault. Si on regarde attentivement on remarquera que l\u2019interface adopte le flat design, tr\u00e8s en vogue actuellement. On note de plus que la partie audio est r\u00e9duite face \u00e0 la navigation ce qui serait une bonne chose car actuellement si on est en plein \u00e9cran sur la carte on n\u2019a plus aucun raccourci pour le multim\u00e9dia.<\/p>\n<p><img loading=\"lazy\" decoding=\"async\" data-attachment-id=\"1700\" data-permalink=\"https:\/\/www.gps-carminat.com\/v3\/2016\/03\/09\/le-vehicule-connecte-selon-renault\/2016-03-08-16\/\" data-orig-file=\"https:\/\/www.gps-carminat.com\/v3\/wp-content\/uploads\/2016\/03\/2016-03-08-16.png\" data-orig-size=\"567,689\" data-comments-opened=\"1\" data-image-meta=\"{&quot;aperture&quot;:&quot;0&quot;,&quot;credit&quot;:&quot;&quot;,&quot;camera&quot;:&quot;&quot;,&quot;caption&quot;:&quot;&quot;,&quot;created_timestamp&quot;:&quot;0&quot;,&quot;copyright&quot;:&quot;&quot;,&quot;focal_length&quot;:&quot;0&quot;,&quot;iso&quot;:&quot;0&quot;,&quot;shutter_speed&quot;:&quot;0&quot;,&quot;title&quot;:&quot;&quot;,&quot;orientation&quot;:&quot;0&quot;}\" data-image-title=\"2016-03-08 (16)\" data-image-description=\"\" data-image-caption=\"\" data-large-file=\"https:\/\/www.gps-carminat.com\/v3\/wp-content\/uploads\/2016\/03\/2016-03-08-16.png\" class=\"alignnone size-full wp-image-1700\" src=\"https:\/\/www.gps-carminat.com\/v3\/wp-content\/uploads\/2016\/03\/2016-03-08-16.png\" alt=\"2016-03-08 (16)\" width=\"567\" height=\"689\" srcset=\"https:\/\/www.gps-carminat.com\/v3\/wp-content\/uploads\/2016\/03\/2016-03-08-16.png 567w, https:\/\/www.gps-carminat.com\/v3\/wp-content\/uploads\/2016\/03\/2016-03-08-16-247x300.png 247w\" sizes=\"auto, (max-width: 567px) 100vw, 567px\" \/><\/p>\n<p>La partie basse de l\u2019\u00e9cran est totalement coh\u00e9rent et cr\u00e9dible\u00a0avec 4 boutons\u00a0(de gauche \u00e0 droite)\u00a0: Retour, page d\u2019accueil, acc\u00e8s au menu principal (les 6 univers\u00a0: audio, navigation\u2026) et Menu contextuel.<\/p>\n<p>Tout d\u2019abord Renault pr\u00e9sente une application pour smartphone permettant d\u2019interagir avec son v\u00e9hicule. Le concept est d\u00e9j\u00e0 pr\u00e9sent sur la Zo\u00e9 avec l\u2019application <strong><a href=\"https:\/\/play.google.com\/store\/apps\/details?id=com.renault.android.myze&amp;hl=fr\">Z.E. Services<\/a><\/strong> (lancement du chauffage \u00e0 distance, niveau de charge\u2026) mais la r\u00e9alisation a \u00e9t\u00e9 tr\u00e8s bancale comme en t\u00e9moigne les notes sur le store (1,8\/5). Une mise \u00e0 jour vient juste d\u2019\u00eatre publi\u00e9e (seulement la troisi\u00e8me depuis le lancement de la Zo\u00e9 en 2012\u2026).<\/p>\n<p>Dans la vid\u00e9o de Renault, l\u2019application permettrait de conna\u00eetre des informations sur son v\u00e9hicule (niveau d\u2019essence, pression des pneus\u2026) et de lancer le chauffage \u00e0 distance. Cette application permettrait aussi de changer le profil du conducteur \u00e0 distance.<\/p>\n<p><img loading=\"lazy\" decoding=\"async\" data-attachment-id=\"1703\" data-permalink=\"https:\/\/www.gps-carminat.com\/v3\/2016\/03\/09\/le-vehicule-connecte-selon-renault\/2016-03-08-2\/\" data-orig-file=\"https:\/\/www.gps-carminat.com\/v3\/wp-content\/uploads\/2016\/03\/2016-03-08-2.png\" data-orig-size=\"1600,900\" data-comments-opened=\"1\" data-image-meta=\"{&quot;aperture&quot;:&quot;0&quot;,&quot;credit&quot;:&quot;&quot;,&quot;camera&quot;:&quot;&quot;,&quot;caption&quot;:&quot;&quot;,&quot;created_timestamp&quot;:&quot;0&quot;,&quot;copyright&quot;:&quot;&quot;,&quot;focal_length&quot;:&quot;0&quot;,&quot;iso&quot;:&quot;0&quot;,&quot;shutter_speed&quot;:&quot;0&quot;,&quot;title&quot;:&quot;&quot;,&quot;orientation&quot;:&quot;0&quot;}\" data-image-title=\"2016-03-08 (2)\" data-image-description=\"\" data-image-caption=\"\" data-large-file=\"https:\/\/www.gps-carminat.com\/v3\/wp-content\/uploads\/2016\/03\/2016-03-08-2-1024x576.png\" class=\"alignnone size-large wp-image-1703\" src=\"https:\/\/www.gps-carminat.com\/v3\/wp-content\/uploads\/2016\/03\/2016-03-08-2-1024x576.png\" alt=\"2016-03-08 (2)\" width=\"584\" height=\"329\" srcset=\"https:\/\/www.gps-carminat.com\/v3\/wp-content\/uploads\/2016\/03\/2016-03-08-2-1024x576.png 1024w, https:\/\/www.gps-carminat.com\/v3\/wp-content\/uploads\/2016\/03\/2016-03-08-2-300x169.png 300w, https:\/\/www.gps-carminat.com\/v3\/wp-content\/uploads\/2016\/03\/2016-03-08-2-768x432.png 768w, https:\/\/www.gps-carminat.com\/v3\/wp-content\/uploads\/2016\/03\/2016-03-08-2-500x281.png 500w, https:\/\/www.gps-carminat.com\/v3\/wp-content\/uploads\/2016\/03\/2016-03-08-2.png 1600w\" sizes=\"auto, (max-width: 584px) 100vw, 584px\" \/><\/p>\n<p><img loading=\"lazy\" decoding=\"async\" data-attachment-id=\"1702\" data-permalink=\"https:\/\/www.gps-carminat.com\/v3\/2016\/03\/09\/le-vehicule-connecte-selon-renault\/2016-03-08-20\/\" data-orig-file=\"https:\/\/www.gps-carminat.com\/v3\/wp-content\/uploads\/2016\/03\/2016-03-08-20.png\" data-orig-size=\"473,649\" data-comments-opened=\"1\" data-image-meta=\"{&quot;aperture&quot;:&quot;0&quot;,&quot;credit&quot;:&quot;&quot;,&quot;camera&quot;:&quot;&quot;,&quot;caption&quot;:&quot;&quot;,&quot;created_timestamp&quot;:&quot;0&quot;,&quot;copyright&quot;:&quot;&quot;,&quot;focal_length&quot;:&quot;0&quot;,&quot;iso&quot;:&quot;0&quot;,&quot;shutter_speed&quot;:&quot;0&quot;,&quot;title&quot;:&quot;&quot;,&quot;orientation&quot;:&quot;0&quot;}\" data-image-title=\"2016-03-08 (20)\" data-image-description=\"\" data-image-caption=\"\" data-large-file=\"https:\/\/www.gps-carminat.com\/v3\/wp-content\/uploads\/2016\/03\/2016-03-08-20.png\" class=\"alignnone size-full wp-image-1702\" src=\"https:\/\/www.gps-carminat.com\/v3\/wp-content\/uploads\/2016\/03\/2016-03-08-20.png\" alt=\"2016-03-08 (20)\" width=\"473\" height=\"649\" srcset=\"https:\/\/www.gps-carminat.com\/v3\/wp-content\/uploads\/2016\/03\/2016-03-08-20.png 473w, https:\/\/www.gps-carminat.com\/v3\/wp-content\/uploads\/2016\/03\/2016-03-08-20-219x300.png 219w\" sizes=\"auto, (max-width: 473px) 100vw, 473px\" \/><\/p>\n<p>Autre point int\u00e9ressant\u00a0: la possibilit\u00e9 d\u2019envoyer une destination depuis son smartphone directement sur le syst\u00e8me pour lancer la navigation. Cette possibilit\u00e9 serait vraiment tr\u00e8s appr\u00e9ciable\u00a0! Un point qui n\u2019est pas \u00e9voqu\u00e9 et qui manque toujours autant\u00a0: la possibilit\u00e9 de transf\u00e9rer ses favoris (adresses enregistr\u00e9es) d\u2019un v\u00e9hicule \u00e0 l\u2019autre (vous perdez tous vos num\u00e9ros de t\u00e9l\u00e9phone quand vous changez de smartphone?)\u2026<\/p>\n<p><img loading=\"lazy\" decoding=\"async\" data-attachment-id=\"1701\" data-permalink=\"https:\/\/www.gps-carminat.com\/v3\/2016\/03\/09\/le-vehicule-connecte-selon-renault\/2016-03-08-17\/\" data-orig-file=\"https:\/\/www.gps-carminat.com\/v3\/wp-content\/uploads\/2016\/03\/2016-03-08-17.png\" data-orig-size=\"591,673\" data-comments-opened=\"1\" data-image-meta=\"{&quot;aperture&quot;:&quot;0&quot;,&quot;credit&quot;:&quot;&quot;,&quot;camera&quot;:&quot;&quot;,&quot;caption&quot;:&quot;&quot;,&quot;created_timestamp&quot;:&quot;0&quot;,&quot;copyright&quot;:&quot;&quot;,&quot;focal_length&quot;:&quot;0&quot;,&quot;iso&quot;:&quot;0&quot;,&quot;shutter_speed&quot;:&quot;0&quot;,&quot;title&quot;:&quot;&quot;,&quot;orientation&quot;:&quot;0&quot;}\" data-image-title=\"2016-03-08 (17)\" data-image-description=\"\" data-image-caption=\"\" data-large-file=\"https:\/\/www.gps-carminat.com\/v3\/wp-content\/uploads\/2016\/03\/2016-03-08-17.png\" class=\"alignnone size-full wp-image-1701\" src=\"https:\/\/www.gps-carminat.com\/v3\/wp-content\/uploads\/2016\/03\/2016-03-08-17.png\" alt=\"2016-03-08 (17)\" width=\"591\" height=\"673\" srcset=\"https:\/\/www.gps-carminat.com\/v3\/wp-content\/uploads\/2016\/03\/2016-03-08-17.png 591w, https:\/\/www.gps-carminat.com\/v3\/wp-content\/uploads\/2016\/03\/2016-03-08-17-263x300.png 263w\" sizes=\"auto, (max-width: 591px) 100vw, 591px\" \/><\/p>\n<p>Il y aurait aussi la possibilit\u00e9 pour une personne de partager sa position pour qu&rsquo;il s&rsquo;affiche sur la carte du syst\u00e8me, pratique pour retrouver facilement quelqu&rsquo;un.<\/p>\n<p><img loading=\"lazy\" decoding=\"async\" data-attachment-id=\"1704\" data-permalink=\"https:\/\/www.gps-carminat.com\/v3\/2016\/03\/09\/le-vehicule-connecte-selon-renault\/2016-03-08-21\/\" data-orig-file=\"https:\/\/www.gps-carminat.com\/v3\/wp-content\/uploads\/2016\/03\/2016-03-08-21.png\" data-orig-size=\"556,628\" data-comments-opened=\"1\" data-image-meta=\"{&quot;aperture&quot;:&quot;0&quot;,&quot;credit&quot;:&quot;&quot;,&quot;camera&quot;:&quot;&quot;,&quot;caption&quot;:&quot;&quot;,&quot;created_timestamp&quot;:&quot;0&quot;,&quot;copyright&quot;:&quot;&quot;,&quot;focal_length&quot;:&quot;0&quot;,&quot;iso&quot;:&quot;0&quot;,&quot;shutter_speed&quot;:&quot;0&quot;,&quot;title&quot;:&quot;&quot;,&quot;orientation&quot;:&quot;0&quot;}\" data-image-title=\"2016-03-08 (21)\" data-image-description=\"\" data-image-caption=\"\" data-large-file=\"https:\/\/www.gps-carminat.com\/v3\/wp-content\/uploads\/2016\/03\/2016-03-08-21.png\" class=\"alignnone size-full wp-image-1704\" src=\"https:\/\/www.gps-carminat.com\/v3\/wp-content\/uploads\/2016\/03\/2016-03-08-21.png\" alt=\"2016-03-08 (21)\" width=\"556\" height=\"628\" srcset=\"https:\/\/www.gps-carminat.com\/v3\/wp-content\/uploads\/2016\/03\/2016-03-08-21.png 556w, https:\/\/www.gps-carminat.com\/v3\/wp-content\/uploads\/2016\/03\/2016-03-08-21-266x300.png 266w\" sizes=\"auto, (max-width: 556px) 100vw, 556px\" \/><\/p>\n<p>Impossible de passer \u00e0 c\u00f4t\u00e9 des r\u00e9seaux sociaux\u00a0: le v\u00e9hicule recevant automatiquement les photos prises par le conducteur pourra les publier sur Facebook\u00a0: une fonctionnalit\u00e9 qui me parait imm\u00e9diatement indispensable\u2026<\/p>\n<p>Peut-\u00eatre que cette vid\u00e9o annonce des nouveaut\u00e9s pour une future mise \u00e0 jour du R-Link 2 mais je reste tr\u00e8s prudent sur le sujet m\u00eame si certains concepts (appli pour smartphone par exemple) m\u2019ont \u00e9t\u00e9 confirm\u00e9s pour un avenir proche\u00a0!<\/p>\n<p>&nbsp;<\/p>\n<p>Lien vers la vid\u00e9o\u00a0:<\/p>\n<p><iframe loading=\"lazy\" src=\"https:\/\/www.youtube.com\/embed\/zbKVrrHObDk\" width=\"560\" height=\"315\" frameborder=\"0\" allowfullscreen=\"allowfullscreen\"><\/iframe><\/p>\n<!-- AddThis Advanced Settings generic via filter on the_content --><!-- AddThis Share Buttons generic via filter on the_content -->","protected":false},"excerpt":{"rendered":"<p>Renault a publi\u00e9 une vid\u00e9o pr\u00e9sentant une vision du v\u00e9hicule connect\u00e9.<!-- AddThis Advanced Settings generic via filter on get_the_excerpt --><!-- AddThis Share Buttons generic via filter on get_the_excerpt --><\/p>\n","protected":false},"author":1,"featured_media":0,"comment_status":"open","ping_status":"open","sticky":false,"template":"","format":"standard","meta":{"advanced_seo_description":"","jetpack_seo_html_title":"","jetpack_seo_noindex":false,"_jetpack_memberships_contains_paid_content":false,"footnotes":""},"categories":[54],"tags":[],"class_list":["post-1698","post","type-post","status-publish","format-standard","hentry","category-r-link-2"],"jetpack_featured_media_url":"","jetpack_sharing_enabled":true,"_links":{"self":[{"href":"https:\/\/www.gps-carminat.com\/v3\/wp-json\/wp\/v2\/posts\/1698","targetHints":{"allow":["GET"]}}],"collection":[{"href":"https:\/\/www.gps-carminat.com\/v3\/wp-json\/wp\/v2\/posts"}],"about":[{"href":"https:\/\/www.gps-carminat.com\/v3\/wp-json\/wp\/v2\/types\/post"}],"author":[{"embeddable":true,"href":"https:\/\/www.gps-carminat.com\/v3\/wp-json\/wp\/v2\/users\/1"}],"replies":[{"embeddable":true,"href":"https:\/\/www.gps-carminat.com\/v3\/wp-json\/wp\/v2\/comments?post=1698"}],"version-history":[{"count":0,"href":"https:\/\/www.gps-carminat.com\/v3\/wp-json\/wp\/v2\/posts\/1698\/revisions"}],"wp:attachment":[{"href":"https:\/\/www.gps-carminat.com\/v3\/wp-json\/wp\/v2\/media?parent=1698"}],"wp:term":[{"taxonomy":"category","embeddable":true,"href":"https:\/\/www.gps-carminat.com\/v3\/wp-json\/wp\/v2\/categories?post=1698"},{"taxonomy":"post_tag","embeddable":true,"href":"https:\/\/www.gps-carminat.com\/v3\/wp-json\/wp\/v2\/tags?post=1698"}],"curies":[{"name":"wp","href":"https:\/\/api.w.org\/{rel}","templated":true}]}}