{"id":839,"date":"2012-11-05T09:20:14","date_gmt":"2012-11-05T08:20:14","guid":{"rendered":"https:\/\/www.gps-carminat.com\/v3\/?p=839"},"modified":"2012-11-05T09:36:31","modified_gmt":"2012-11-05T08:36:31","slug":"r-link-arrive-sur-la-fluence","status":"publish","type":"post","link":"https:\/\/www.gps-carminat.com\/v3\/2012\/11\/05\/r-link-arrive-sur-la-fluence\/","title":{"rendered":"R-Link arrive sur la Fluence."},"content":{"rendered":"<p>Lors de la pr\u00e9sentation du syst\u00e8me R-Link par Renault il a \u00e9t\u00e9 dit que le syst\u00e8me serait d\u00e9ploy\u00e9 sur la gamme rapidement. L&rsquo;\u00e9cran tactile central sur la planche de bord comme Clio et Zo\u00e9 semblait indiquer que ce serait lors de l&rsquo;introduction de nouveaux mod\u00e8les qu&rsquo;on verrait arriver le nouveau syst\u00e8me multim\u00e9dia de Renault. <!--more--><\/p>\n<p><a href=\"https:\/\/www.gps-carminat.com\/v3\/wp-content\/uploads\/2012\/11\/Renault_39265_global_fr.jpg\"><img loading=\"lazy\" decoding=\"async\" data-attachment-id=\"847\" data-permalink=\"https:\/\/www.gps-carminat.com\/v3\/2012\/11\/05\/r-link-arrive-sur-la-fluence\/renault_39265_global_fr\/\" data-orig-file=\"https:\/\/www.gps-carminat.com\/v3\/wp-content\/uploads\/2012\/11\/Renault_39265_global_fr.jpg\" data-orig-size=\"1500,1000\" data-comments-opened=\"1\" data-image-meta=\"{&quot;aperture&quot;:&quot;0&quot;,&quot;credit&quot;:&quot;&quot;,&quot;camera&quot;:&quot;&quot;,&quot;caption&quot;:&quot;&quot;,&quot;created_timestamp&quot;:&quot;0&quot;,&quot;copyright&quot;:&quot;&quot;,&quot;focal_length&quot;:&quot;0&quot;,&quot;iso&quot;:&quot;0&quot;,&quot;shutter_speed&quot;:&quot;0&quot;,&quot;title&quot;:&quot;&quot;}\" data-image-title=\"Renault_39265_global_fr\" data-image-description=\"\" data-image-caption=\"\" data-large-file=\"https:\/\/www.gps-carminat.com\/v3\/wp-content\/uploads\/2012\/11\/Renault_39265_global_fr-1024x682.jpg\" class=\"size-medium wp-image-847 alignleft\" title=\"Renault_39265_global_fr\" src=\"https:\/\/www.gps-carminat.com\/v3\/wp-content\/uploads\/2012\/11\/Renault_39265_global_fr-300x200.jpg\" alt=\"\" width=\"300\" height=\"200\" srcset=\"https:\/\/www.gps-carminat.com\/v3\/wp-content\/uploads\/2012\/11\/Renault_39265_global_fr-300x200.jpg 300w, https:\/\/www.gps-carminat.com\/v3\/wp-content\/uploads\/2012\/11\/Renault_39265_global_fr-1024x682.jpg 1024w, https:\/\/www.gps-carminat.com\/v3\/wp-content\/uploads\/2012\/11\/Renault_39265_global_fr-450x300.jpg 450w, https:\/\/www.gps-carminat.com\/v3\/wp-content\/uploads\/2012\/11\/Renault_39265_global_fr.jpg 1500w\" sizes=\"auto, (max-width: 300px) 100vw, 300px\" \/><\/a><\/p>\n<p><a href=\"https:\/\/www.gps-carminat.com\/v3\/wp-content\/uploads\/2012\/11\/Renault_39270_global_fr.jpg\"><img loading=\"lazy\" decoding=\"async\" title=\"Renault_39270_global_fr\" src=\"https:\/\/www.gps-carminat.com\/v3\/wp-content\/uploads\/2012\/11\/Renault_39270_global_fr-300x181.jpg\" alt=\"\" width=\"300\" height=\"181\" \/><\/a><\/p>\n<p>&nbsp;<\/p>\n<p>Surprise avec la Fluence restyl\u00e9e: celle-ci pourra accueillir le syst\u00e8me R-Link \u00e0 partir du d\u00e9but de l&rsquo;ann\u00e9e 2013. Chose \u00e9tonnante qui pourrait laisser septique : l\u2019\u00e9cran tactile se trouve au m\u00eame emplacement que les anciens syst\u00e8mes de navigation non tactile de Renault. Celui-ci semble bien loin de l\u2019utilisateur et d\u2019une taille plus petite que le R-Link pr\u00e9sent sur Clio et Zo\u00e9. Vivement les tests pour voir si c\u2019est utilisable au quotidien car il y a beau avoir la commande vocale, on ne peut pas s\u2019affranchir totalement de l\u2019\u00e9cran tactile.<\/p>\n<p>&nbsp;<\/p>\n<p>Par contre il y a la fa\u00e7ade d&rsquo;un autoradio classique qui pourrait permettre de commander le syst\u00e8me sans avoir \u00e0 toujours aller toucher l&rsquo;\u00e9cran.<\/p>\n<p><a href=\"https:\/\/www.gps-carminat.com\/v3\/wp-content\/uploads\/2012\/11\/Renault_39267_global_fr.jpg\"><img loading=\"lazy\" decoding=\"async\" data-attachment-id=\"848\" data-permalink=\"https:\/\/www.gps-carminat.com\/v3\/2012\/11\/05\/r-link-arrive-sur-la-fluence\/renault_39267_global_fr\/\" data-orig-file=\"https:\/\/www.gps-carminat.com\/v3\/wp-content\/uploads\/2012\/11\/Renault_39267_global_fr.jpg\" data-orig-size=\"1500,1000\" data-comments-opened=\"1\" data-image-meta=\"{&quot;aperture&quot;:&quot;0&quot;,&quot;credit&quot;:&quot;&quot;,&quot;camera&quot;:&quot;&quot;,&quot;caption&quot;:&quot;&quot;,&quot;created_timestamp&quot;:&quot;0&quot;,&quot;copyright&quot;:&quot;&quot;,&quot;focal_length&quot;:&quot;0&quot;,&quot;iso&quot;:&quot;0&quot;,&quot;shutter_speed&quot;:&quot;0&quot;,&quot;title&quot;:&quot;&quot;}\" data-image-title=\"Renault_39267_global_fr\" data-image-description=\"\" data-image-caption=\"\" data-large-file=\"https:\/\/www.gps-carminat.com\/v3\/wp-content\/uploads\/2012\/11\/Renault_39267_global_fr-1024x682.jpg\" class=\"alignnone size-medium wp-image-848\" title=\"Renault_39267_global_fr\" src=\"https:\/\/www.gps-carminat.com\/v3\/wp-content\/uploads\/2012\/11\/Renault_39267_global_fr-300x200.jpg\" alt=\"\" width=\"300\" height=\"200\" srcset=\"https:\/\/www.gps-carminat.com\/v3\/wp-content\/uploads\/2012\/11\/Renault_39267_global_fr-300x200.jpg 300w, https:\/\/www.gps-carminat.com\/v3\/wp-content\/uploads\/2012\/11\/Renault_39267_global_fr-1024x682.jpg 1024w, https:\/\/www.gps-carminat.com\/v3\/wp-content\/uploads\/2012\/11\/Renault_39267_global_fr-450x300.jpg 450w, https:\/\/www.gps-carminat.com\/v3\/wp-content\/uploads\/2012\/11\/Renault_39267_global_fr.jpg 1500w\" sizes=\"auto, (max-width: 300px) 100vw, 300px\" \/><\/a><a href=\"https:\/\/www.gps-carminat.com\/v3\/wp-content\/uploads\/2012\/11\/autoradio.jpg\"><img loading=\"lazy\" decoding=\"async\" title=\"autoradio\" src=\"https:\/\/www.gps-carminat.com\/v3\/wp-content\/uploads\/2012\/11\/autoradio-300x219.jpg\" alt=\"\" width=\"300\" height=\"219\" \/><\/a><\/p>\n<p>&nbsp;<\/p>\n<!-- AddThis Advanced Settings generic via filter on the_content --><!-- AddThis Share Buttons generic via filter on the_content -->","protected":false},"excerpt":{"rendered":"<p>Lors de la pr\u00e9sentation du syst\u00e8me R-Link par Renault il a \u00e9t\u00e9 dit que le syst\u00e8me serait d\u00e9ploy\u00e9 sur la gamme rapidement. L&rsquo;\u00e9cran tactile central sur la planche de bord comme Clio et Zo\u00e9 semblait indiquer que ce serait lors &hellip; <a href=\"https:\/\/www.gps-carminat.com\/v3\/2012\/11\/05\/r-link-arrive-sur-la-fluence\/\">Continuer la lecture <span class=\"meta-nav\">&rarr;<\/span><\/a><!-- AddThis Advanced Settings generic via filter on get_the_excerpt --><!-- AddThis Share Buttons generic via filter on get_the_excerpt --><\/p>\n","protected":false},"author":1,"featured_media":0,"comment_status":"open","ping_status":"open","sticky":false,"template":"","format":"standard","meta":{"advanced_seo_description":"","jetpack_seo_html_title":"","jetpack_seo_noindex":false,"_jetpack_memberships_contains_paid_content":false,"footnotes":""},"categories":[21],"tags":[30,29],"class_list":["post-839","post","type-post","status-publish","format-standard","hentry","category-r-link","tag-fluence","tag-rlink-2"],"jetpack_featured_media_url":"","jetpack_sharing_enabled":true,"_links":{"self":[{"href":"https:\/\/www.gps-carminat.com\/v3\/wp-json\/wp\/v2\/posts\/839","targetHints":{"allow":["GET"]}}],"collection":[{"href":"https:\/\/www.gps-carminat.com\/v3\/wp-json\/wp\/v2\/posts"}],"about":[{"href":"https:\/\/www.gps-carminat.com\/v3\/wp-json\/wp\/v2\/types\/post"}],"author":[{"embeddable":true,"href":"https:\/\/www.gps-carminat.com\/v3\/wp-json\/wp\/v2\/users\/1"}],"replies":[{"embeddable":true,"href":"https:\/\/www.gps-carminat.com\/v3\/wp-json\/wp\/v2\/comments?post=839"}],"version-history":[{"count":0,"href":"https:\/\/www.gps-carminat.com\/v3\/wp-json\/wp\/v2\/posts\/839\/revisions"}],"wp:attachment":[{"href":"https:\/\/www.gps-carminat.com\/v3\/wp-json\/wp\/v2\/media?parent=839"}],"wp:term":[{"taxonomy":"category","embeddable":true,"href":"https:\/\/www.gps-carminat.com\/v3\/wp-json\/wp\/v2\/categories?post=839"},{"taxonomy":"post_tag","embeddable":true,"href":"https:\/\/www.gps-carminat.com\/v3\/wp-json\/wp\/v2\/tags?post=839"}],"curies":[{"name":"wp","href":"https:\/\/api.w.org\/{rel}","templated":true}]}}